


{"id":1109,"count":40,"description":"<p style=\"text-align: left\">Marcel Pr\u00e9vost is a forest engineering graduate from Laval University (B. Sc., 1979, M. Sc., 1982, Ph. D., 1988). His graduate studies in forest management and silviculture focused on forest hydrology, notably on the modelling of spring snowmelt and runoff in a watershed.<\/p>\r\n<p style=\"text-align: left\">In 1987, he joined the Direction de la recherche foresti\u00e8re as a researcher in silviculture of natural forests to study the effect of site preparation on soil properties and on black spruce establishment and growth.<\/p>\r\n<p style=\"text-align: left\">Around the same time, he became interested in wetland forestry and the effects of various silvicultural interventions on the environment, mainly by studying the impact of drainage of forested peatlands on soil water, tree growth and runoff water quality.<\/p>\r\n<p style=\"text-align: left\">From 1995 until his retirement in 2020, his research work focused on the silviculture of temperate mixedwood and boreal mixedwood forests. He studied the tending of young stands, the regeneration of high-quality stands and the rehabilitation of degraded stands.<\/p>\r\n<p style=\"text-align: left\"><a href=\"https:\/\/www.researchgate.net\/profile\/Marcel_Prevost\" target=\"_blank\" rel=\"noopener noreferrer\">Link to Marcel Pr\u00e9vost\u2019s page on ResearchGate<\/a><\/p>","link":"https:\/\/mrnf.gouv.qc.ca\/en\/auteurs-ministeriels\/m-prevost\/","name":"Pr\u00e9vost, Marcel","slug":"m-prevost","taxonomy":"cptt_auteurs_ministeriels","meta":[],"acf":[],"yoast_head":"<!-- This site is optimized with the Yoast SEO plugin v24.9 - https:\/\/yoast.com\/wordpress\/plugins\/seo\/ -->\n<title>Pr\u00e9vost, Marcel - Minist\u00e8re des Ressources naturelles et des For\u00eats<\/title>\n<meta name=\"description\" content=\"Marcel Pr\u00e9vost&#039;s research work focused on the silviculture of temperate mixedwood and boreal mixedwood forests.\" \/>\n<meta name=\"robots\" content=\"index, follow, max-snippet:-1, max-image-preview:large, max-video-preview:-1\" \/>\n<link rel=\"canonical\" href=\"https:\/\/mrnf.gouv.qc.ca\/en\/auteurs-ministeriels\/m-prevost\/\" \/>\n<meta property=\"og:locale\" content=\"en_US\" \/>\n<meta property=\"og:type\" content=\"article\" \/>\n<meta property=\"og:title\" content=\"Pr\u00e9vost, Marcel - Minist\u00e8re des Ressources naturelles et des For\u00eats\" \/>\n<meta property=\"og:description\" content=\"Marcel Pr\u00e9vost&#039;s research work focused on the silviculture of temperate mixedwood and boreal mixedwood forests.\" \/>\n<meta property=\"og:url\" content=\"https:\/\/mrnf.gouv.qc.ca\/en\/auteurs-ministeriels\/m-prevost\/\" \/>\n<meta property=\"og:site_name\" content=\"Minist\u00e8re des Ressources naturelles et des For\u00eats\" \/>\n<meta property=\"og:image\" content=\"\/wp-content\/uploads\/Image-g%c3%a9n%c3%a9rale-hiver_FB.jpg\" \/>\n\t<meta property=\"og:image:width\" content=\"1200\" \/>\n\t<meta property=\"og:image:height\" content=\"630\" \/>\n\t<meta property=\"og:image:type\" content=\"image\/jpeg\" \/>\n<meta name=\"twitter:card\" content=\"summary_large_image\" \/>\n<meta name=\"twitter:site\" content=\"@mrnfqc\" \/>\n<script type=\"application\/ld+json\" class=\"yoast-schema-graph\">{\"@context\":\"https:\/\/schema.org\",\"@graph\":[{\"@type\":\"CollectionPage\",\"@id\":\"https:\/\/mrnf.gouv.qc.ca\/en\/auteurs-ministeriels\/m-prevost\/\",\"url\":\"https:\/\/mrnf.gouv.qc.ca\/en\/auteurs-ministeriels\/m-prevost\/\",\"name\":\"Pr\u00e9vost, Marcel - Minist\u00e8re des Ressources naturelles et des For\u00eats\",\"isPartOf\":{\"@id\":\"https:\/\/mrnf.gouv.qc.ca\/#website\"},\"description\":\"Marcel Pr\u00e9vost's research work focused on the silviculture of temperate mixedwood and boreal mixedwood forests.\",\"breadcrumb\":{\"@id\":\"https:\/\/mrnf.gouv.qc.ca\/en\/auteurs-ministeriels\/m-prevost\/#breadcrumb\"},\"inLanguage\":\"en-US\"},{\"@type\":\"BreadcrumbList\",\"@id\":\"https:\/\/mrnf.gouv.qc.ca\/en\/auteurs-ministeriels\/m-prevost\/#breadcrumb\",\"itemListElement\":[{\"@type\":\"ListItem\",\"position\":1,\"name\":\"Accueil\",\"item\":\"https:\/\/mrnf.gouv.qc.ca\/en\/\"},{\"@type\":\"ListItem\",\"position\":2,\"name\":\"Pr\u00e9vost, Marcel\"}]},{\"@type\":\"WebSite\",\"@id\":\"https:\/\/mrnf.gouv.qc.ca\/#website\",\"url\":\"https:\/\/mrnf.gouv.qc.ca\/\",\"name\":\"Minist\u00e8re des Ressources naturelles et des For\u00eats\",\"description\":\"Prototype WordPress\",\"potentialAction\":[{\"@type\":\"SearchAction\",\"target\":{\"@type\":\"EntryPoint\",\"urlTemplate\":\"https:\/\/mrnf.gouv.qc.ca\/?s={search_term_string}\"},\"query-input\":{\"@type\":\"PropertyValueSpecification\",\"valueRequired\":true,\"valueName\":\"search_term_string\"}}],\"inLanguage\":\"en-US\"}]}<\/script>\n<!-- \/ Yoast SEO plugin. -->","yoast_head_json":{"title":"Pr\u00e9vost, Marcel - Minist\u00e8re des Ressources naturelles et des For\u00eats","description":"Marcel Pr\u00e9vost's research work focused on the silviculture of temperate mixedwood and boreal mixedwood forests.","robots":{"index":"index","follow":"follow","max-snippet":"max-snippet:-1","max-image-preview":"max-image-preview:large","max-video-preview":"max-video-preview:-1"},"canonical":"https:\/\/mrnf.gouv.qc.ca\/en\/auteurs-ministeriels\/m-prevost\/","og_locale":"en_US","og_type":"article","og_title":"Pr\u00e9vost, Marcel - Minist\u00e8re des Ressources naturelles et des For\u00eats","og_description":"Marcel Pr\u00e9vost's research work focused on the silviculture of temperate mixedwood and boreal mixedwood forests.","og_url":"https:\/\/mrnf.gouv.qc.ca\/en\/auteurs-ministeriels\/m-prevost\/","og_site_name":"Minist\u00e8re des Ressources naturelles et des For\u00eats","og_image":[{"width":1200,"height":630,"url":"\/wp-content\/uploads\/Image-g%c3%a9n%c3%a9rale-hiver_FB.jpg","type":"image\/jpeg"}],"twitter_card":"summary_large_image","twitter_site":"@mrnfqc","schema":{"@context":"https:\/\/schema.org","@graph":[{"@type":"CollectionPage","@id":"https:\/\/mrnf.gouv.qc.ca\/en\/auteurs-ministeriels\/m-prevost\/","url":"https:\/\/mrnf.gouv.qc.ca\/en\/auteurs-ministeriels\/m-prevost\/","name":"Pr\u00e9vost, Marcel - Minist\u00e8re des Ressources naturelles et des For\u00eats","isPartOf":{"@id":"https:\/\/mrnf.gouv.qc.ca\/#website"},"description":"Marcel Pr\u00e9vost's research work focused on the silviculture of temperate mixedwood and boreal mixedwood forests.","breadcrumb":{"@id":"https:\/\/mrnf.gouv.qc.ca\/en\/auteurs-ministeriels\/m-prevost\/#breadcrumb"},"inLanguage":"en-US"},{"@type":"BreadcrumbList","@id":"https:\/\/mrnf.gouv.qc.ca\/en\/auteurs-ministeriels\/m-prevost\/#breadcrumb","itemListElement":[{"@type":"ListItem","position":1,"name":"Accueil","item":"https:\/\/mrnf.gouv.qc.ca\/en\/"},{"@type":"ListItem","position":2,"name":"Pr\u00e9vost, Marcel"}]},{"@type":"WebSite","@id":"https:\/\/mrnf.gouv.qc.ca\/#website","url":"https:\/\/mrnf.gouv.qc.ca\/","name":"Minist\u00e8re des Ressources naturelles et des For\u00eats","description":"Prototype WordPress","potentialAction":[{"@type":"SearchAction","target":{"@type":"EntryPoint","urlTemplate":"https:\/\/mrnf.gouv.qc.ca\/?s={search_term_string}"},"query-input":{"@type":"PropertyValueSpecification","valueRequired":true,"valueName":"search_term_string"}}],"inLanguage":"en-US"}]}},"_links":{"self":[{"href":"https:\/\/mrnf.gouv.qc.ca\/en\/wp-json\/wp\/v2\/cptt_auteurs_ministeriels\/1109","targetHints":{"allow":["GET"]}}],"collection":[{"href":"https:\/\/mrnf.gouv.qc.ca\/en\/wp-json\/wp\/v2\/cptt_auteurs_ministeriels"}],"about":[{"href":"https:\/\/mrnf.gouv.qc.ca\/en\/wp-json\/wp\/v2\/taxonomies\/cptt_auteurs_ministeriels"}],"wp:post_type":[{"href":"https:\/\/mrnf.gouv.qc.ca\/en\/wp-json\/wp\/v2\/cpt_publication?cptt_auteurs_ministeriels=1109"}],"curies":[{"name":"wp","href":"https:\/\/api.w.org\/{rel}","templated":true}]}}