


{"id":1088,"count":31,"description":"Fran\u00e7ois Guillemette is a forest engineering graduate from Laval University (B.\u00a0Sc.,\u00a02001 and M.\u00a0Sc.,\u00a02002).\r\n\r\nSince 2005, he has been employed by the Direction de la recherche foresti\u00e8re as a researcher on hardwood forestry. His work mainly deals with the dynamics of hardwood stands after partial cutting. He is particularly interested in young hardwood stands, in different classification systems for standing hardwood trees (quality, vigor, mortality risk) and in growth modelling (SaMARE model). He also studied the notion of diameter at maturity for hardwood trees.\r\n<p style=\"text-align: left\"><a href=\"https:\/\/www.researchgate.net\/profile\/Francois_Guillemette4\" target=\"_blank\" rel=\"noopener noreferrer\">Link to Fran\u00e7ois Guillemette\u2019s page on ResearchGate<\/a><\/p>","link":"https:\/\/mrnf.gouv.qc.ca\/en\/auteurs-ministeriels\/f-guillemette\/","name":"Guillemette, Fran\u00e7ois","slug":"f-guillemette","taxonomy":"cptt_auteurs_ministeriels","meta":[],"acf":[],"yoast_head":"<!-- This site is optimized with the Yoast SEO plugin v24.9 - https:\/\/yoast.com\/wordpress\/plugins\/seo\/ -->\n<title>Guillemette, Fran\u00e7ois - Minist\u00e8re des Ressources naturelles et des For\u00eats<\/title>\n<meta name=\"description\" content=\"Since 2005, Fran\u00e7ois Guillemette has been employed by the Direction de la recherche foresti\u00e8re as a researcher on hardwood forestry.\" \/>\n<meta name=\"robots\" content=\"index, follow, max-snippet:-1, max-image-preview:large, max-video-preview:-1\" \/>\n<link rel=\"canonical\" href=\"https:\/\/mrnf.gouv.qc.ca\/en\/auteurs-ministeriels\/f-guillemette\/\" \/>\n<meta property=\"og:locale\" content=\"en_US\" \/>\n<meta property=\"og:type\" content=\"article\" \/>\n<meta property=\"og:title\" content=\"Guillemette, Fran\u00e7ois - Minist\u00e8re des Ressources naturelles et des For\u00eats\" \/>\n<meta property=\"og:description\" content=\"Since 2005, Fran\u00e7ois Guillemette has been employed by the Direction de la recherche foresti\u00e8re as a researcher on hardwood forestry.\" \/>\n<meta property=\"og:url\" content=\"https:\/\/mrnf.gouv.qc.ca\/en\/auteurs-ministeriels\/f-guillemette\/\" \/>\n<meta property=\"og:site_name\" content=\"Minist\u00e8re des Ressources naturelles et des For\u00eats\" \/>\n<meta property=\"og:image\" content=\"\/wp-content\/uploads\/Image-g%c3%a9n%c3%a9rale-hiver_FB.jpg\" \/>\n\t<meta property=\"og:image:width\" content=\"1200\" \/>\n\t<meta property=\"og:image:height\" content=\"630\" \/>\n\t<meta property=\"og:image:type\" content=\"image\/jpeg\" \/>\n<meta name=\"twitter:card\" content=\"summary_large_image\" \/>\n<meta name=\"twitter:site\" content=\"@mrnfqc\" \/>\n<script type=\"application\/ld+json\" class=\"yoast-schema-graph\">{\"@context\":\"https:\/\/schema.org\",\"@graph\":[{\"@type\":\"CollectionPage\",\"@id\":\"https:\/\/mrnf.gouv.qc.ca\/en\/auteurs-ministeriels\/f-guillemette\/\",\"url\":\"https:\/\/mrnf.gouv.qc.ca\/en\/auteurs-ministeriels\/f-guillemette\/\",\"name\":\"Guillemette, Fran\u00e7ois - Minist\u00e8re des Ressources naturelles et des For\u00eats\",\"isPartOf\":{\"@id\":\"https:\/\/mrnf.gouv.qc.ca\/#website\"},\"description\":\"Since 2005, Fran\u00e7ois Guillemette has been employed by the Direction de la recherche foresti\u00e8re as a researcher on hardwood forestry.\",\"breadcrumb\":{\"@id\":\"https:\/\/mrnf.gouv.qc.ca\/en\/auteurs-ministeriels\/f-guillemette\/#breadcrumb\"},\"inLanguage\":\"en-US\"},{\"@type\":\"BreadcrumbList\",\"@id\":\"https:\/\/mrnf.gouv.qc.ca\/en\/auteurs-ministeriels\/f-guillemette\/#breadcrumb\",\"itemListElement\":[{\"@type\":\"ListItem\",\"position\":1,\"name\":\"Accueil\",\"item\":\"https:\/\/mrnf.gouv.qc.ca\/en\/\"},{\"@type\":\"ListItem\",\"position\":2,\"name\":\"Guillemette, Fran\u00e7ois\"}]},{\"@type\":\"WebSite\",\"@id\":\"https:\/\/mrnf.gouv.qc.ca\/#website\",\"url\":\"https:\/\/mrnf.gouv.qc.ca\/\",\"name\":\"Minist\u00e8re des Ressources naturelles et des For\u00eats\",\"description\":\"Prototype WordPress\",\"potentialAction\":[{\"@type\":\"SearchAction\",\"target\":{\"@type\":\"EntryPoint\",\"urlTemplate\":\"https:\/\/mrnf.gouv.qc.ca\/?s={search_term_string}\"},\"query-input\":{\"@type\":\"PropertyValueSpecification\",\"valueRequired\":true,\"valueName\":\"search_term_string\"}}],\"inLanguage\":\"en-US\"}]}<\/script>\n<!-- \/ Yoast SEO plugin. -->","yoast_head_json":{"title":"Guillemette, Fran\u00e7ois - Minist\u00e8re des Ressources naturelles et des For\u00eats","description":"Since 2005, Fran\u00e7ois Guillemette has been employed by the Direction de la recherche foresti\u00e8re as a researcher on hardwood forestry.","robots":{"index":"index","follow":"follow","max-snippet":"max-snippet:-1","max-image-preview":"max-image-preview:large","max-video-preview":"max-video-preview:-1"},"canonical":"https:\/\/mrnf.gouv.qc.ca\/en\/auteurs-ministeriels\/f-guillemette\/","og_locale":"en_US","og_type":"article","og_title":"Guillemette, Fran\u00e7ois - Minist\u00e8re des Ressources naturelles et des For\u00eats","og_description":"Since 2005, Fran\u00e7ois Guillemette has been employed by the Direction de la recherche foresti\u00e8re as a researcher on hardwood forestry.","og_url":"https:\/\/mrnf.gouv.qc.ca\/en\/auteurs-ministeriels\/f-guillemette\/","og_site_name":"Minist\u00e8re des Ressources naturelles et des For\u00eats","og_image":[{"width":1200,"height":630,"url":"\/wp-content\/uploads\/Image-g%c3%a9n%c3%a9rale-hiver_FB.jpg","type":"image\/jpeg"}],"twitter_card":"summary_large_image","twitter_site":"@mrnfqc","schema":{"@context":"https:\/\/schema.org","@graph":[{"@type":"CollectionPage","@id":"https:\/\/mrnf.gouv.qc.ca\/en\/auteurs-ministeriels\/f-guillemette\/","url":"https:\/\/mrnf.gouv.qc.ca\/en\/auteurs-ministeriels\/f-guillemette\/","name":"Guillemette, Fran\u00e7ois - Minist\u00e8re des Ressources naturelles et des For\u00eats","isPartOf":{"@id":"https:\/\/mrnf.gouv.qc.ca\/#website"},"description":"Since 2005, Fran\u00e7ois Guillemette has been employed by the Direction de la recherche foresti\u00e8re as a researcher on hardwood forestry.","breadcrumb":{"@id":"https:\/\/mrnf.gouv.qc.ca\/en\/auteurs-ministeriels\/f-guillemette\/#breadcrumb"},"inLanguage":"en-US"},{"@type":"BreadcrumbList","@id":"https:\/\/mrnf.gouv.qc.ca\/en\/auteurs-ministeriels\/f-guillemette\/#breadcrumb","itemListElement":[{"@type":"ListItem","position":1,"name":"Accueil","item":"https:\/\/mrnf.gouv.qc.ca\/en\/"},{"@type":"ListItem","position":2,"name":"Guillemette, Fran\u00e7ois"}]},{"@type":"WebSite","@id":"https:\/\/mrnf.gouv.qc.ca\/#website","url":"https:\/\/mrnf.gouv.qc.ca\/","name":"Minist\u00e8re des Ressources naturelles et des For\u00eats","description":"Prototype WordPress","potentialAction":[{"@type":"SearchAction","target":{"@type":"EntryPoint","urlTemplate":"https:\/\/mrnf.gouv.qc.ca\/?s={search_term_string}"},"query-input":{"@type":"PropertyValueSpecification","valueRequired":true,"valueName":"search_term_string"}}],"inLanguage":"en-US"}]}},"_links":{"self":[{"href":"https:\/\/mrnf.gouv.qc.ca\/en\/wp-json\/wp\/v2\/cptt_auteurs_ministeriels\/1088","targetHints":{"allow":["GET"]}}],"collection":[{"href":"https:\/\/mrnf.gouv.qc.ca\/en\/wp-json\/wp\/v2\/cptt_auteurs_ministeriels"}],"about":[{"href":"https:\/\/mrnf.gouv.qc.ca\/en\/wp-json\/wp\/v2\/taxonomies\/cptt_auteurs_ministeriels"}],"wp:post_type":[{"href":"https:\/\/mrnf.gouv.qc.ca\/en\/wp-json\/wp\/v2\/cpt_publication?cptt_auteurs_ministeriels=1088"}],"curies":[{"name":"wp","href":"https:\/\/api.w.org\/{rel}","templated":true}]}}