


{"id":1076,"count":8,"description":"<p style=\"text-align: left\">Mireille Desponts is a biology graduate from the University of Montr\u00e9al (B. Sc., 1982, M. Sc., 1985) and from Laval University (Ph. D., 1990). After graduating, she completed a postdoctoral internship at the Canadian Forest Service, during which she studied the effects of genetic improvement programs on white spruce genetic diversity.<\/p>\r\n<p style=\"text-align: left\">In 1995, she became a research professional at the Facult\u00e9 de foresterie, de g\u00e9ographie et de g\u00e9omatique [Department of Forestry, Geography and Geomatics] of Laval University. She then coordinated research on the biodiversity of ancient boreal fir forests and the effects of logging on the diversity and composition of plants and animal populations.<\/p>\r\n<p style=\"text-align: left\">In 2001, she joined the Direction de la recherche foresti\u00e8re as a researcher in forest genetics. She specializes in the evaluation and selection of genetically improved black spruce and jack pine populations based on growth and adaptation to bioclimatic conditions. She also has developed expertise in genetic selection for wood quality. In addition, she collaborates to research projects on the identification of genomic markers for adaptation and wood quality.<\/p>\r\n<p style=\"text-align: left\"><a href=\"https:\/\/www.researchgate.net\/profile\/Mireille_Desponts\" target=\"_blank\" rel=\"noopener noreferrer\">Link to Mireille Desponts\u2019 page on ResearchGate<\/a><\/p>","link":"https:\/\/mrnf.gouv.qc.ca\/en\/auteurs-ministeriels\/desponts-mireille\/","name":"Desponts, Mireille","slug":"desponts-mireille","taxonomy":"cptt_auteurs_ministeriels","meta":[],"acf":[],"yoast_head":"<!-- This site is optimized with the Yoast SEO plugin v24.9 - https:\/\/yoast.com\/wordpress\/plugins\/seo\/ -->\n<title>Desponts, Mireille - Minist\u00e8re des Ressources naturelles et des For\u00eats<\/title>\n<meta name=\"description\" content=\"In 2001, Mireille Desponts joined the Direction de la recherche foresti\u00e8re as a researcher in forest genetics.\" \/>\n<meta name=\"robots\" content=\"index, follow, max-snippet:-1, max-image-preview:large, max-video-preview:-1\" \/>\n<link rel=\"canonical\" href=\"https:\/\/mrnf.gouv.qc.ca\/en\/auteurs-ministeriels\/desponts-mireille\/\" \/>\n<meta property=\"og:locale\" content=\"en_US\" \/>\n<meta property=\"og:type\" content=\"article\" \/>\n<meta property=\"og:title\" content=\"Desponts, Mireille - Minist\u00e8re des Ressources naturelles et des For\u00eats\" \/>\n<meta property=\"og:description\" content=\"In 2001, Mireille Desponts joined the Direction de la recherche foresti\u00e8re as a researcher in forest genetics.\" \/>\n<meta property=\"og:url\" content=\"https:\/\/mrnf.gouv.qc.ca\/en\/auteurs-ministeriels\/desponts-mireille\/\" \/>\n<meta property=\"og:site_name\" content=\"Minist\u00e8re des Ressources naturelles et des For\u00eats\" \/>\n<meta property=\"og:image\" content=\"\/wp-content\/uploads\/Image-g%c3%a9n%c3%a9rale-hiver_FB.jpg\" \/>\n\t<meta property=\"og:image:width\" content=\"1200\" \/>\n\t<meta property=\"og:image:height\" content=\"630\" \/>\n\t<meta property=\"og:image:type\" content=\"image\/jpeg\" \/>\n<meta name=\"twitter:card\" content=\"summary_large_image\" \/>\n<meta name=\"twitter:site\" content=\"@mrnfqc\" \/>\n<script type=\"application\/ld+json\" class=\"yoast-schema-graph\">{\"@context\":\"https:\/\/schema.org\",\"@graph\":[{\"@type\":\"CollectionPage\",\"@id\":\"https:\/\/mrnf.gouv.qc.ca\/en\/auteurs-ministeriels\/desponts-mireille\/\",\"url\":\"https:\/\/mrnf.gouv.qc.ca\/en\/auteurs-ministeriels\/desponts-mireille\/\",\"name\":\"Desponts, Mireille - Minist\u00e8re des Ressources naturelles et des For\u00eats\",\"isPartOf\":{\"@id\":\"https:\/\/mrnf.gouv.qc.ca\/#website\"},\"description\":\"In 2001, Mireille Desponts joined the Direction de la recherche foresti\u00e8re as a researcher in forest genetics.\",\"breadcrumb\":{\"@id\":\"https:\/\/mrnf.gouv.qc.ca\/en\/auteurs-ministeriels\/desponts-mireille\/#breadcrumb\"},\"inLanguage\":\"en-US\"},{\"@type\":\"BreadcrumbList\",\"@id\":\"https:\/\/mrnf.gouv.qc.ca\/en\/auteurs-ministeriels\/desponts-mireille\/#breadcrumb\",\"itemListElement\":[{\"@type\":\"ListItem\",\"position\":1,\"name\":\"Accueil\",\"item\":\"https:\/\/mrnf.gouv.qc.ca\/en\/\"},{\"@type\":\"ListItem\",\"position\":2,\"name\":\"Desponts, Mireille\"}]},{\"@type\":\"WebSite\",\"@id\":\"https:\/\/mrnf.gouv.qc.ca\/#website\",\"url\":\"https:\/\/mrnf.gouv.qc.ca\/\",\"name\":\"Minist\u00e8re des Ressources naturelles et des For\u00eats\",\"description\":\"Prototype WordPress\",\"potentialAction\":[{\"@type\":\"SearchAction\",\"target\":{\"@type\":\"EntryPoint\",\"urlTemplate\":\"https:\/\/mrnf.gouv.qc.ca\/?s={search_term_string}\"},\"query-input\":{\"@type\":\"PropertyValueSpecification\",\"valueRequired\":true,\"valueName\":\"search_term_string\"}}],\"inLanguage\":\"en-US\"}]}<\/script>\n<!-- \/ Yoast SEO plugin. -->","yoast_head_json":{"title":"Desponts, Mireille - Minist\u00e8re des Ressources naturelles et des For\u00eats","description":"In 2001, Mireille Desponts joined the Direction de la recherche foresti\u00e8re as a researcher in forest genetics.","robots":{"index":"index","follow":"follow","max-snippet":"max-snippet:-1","max-image-preview":"max-image-preview:large","max-video-preview":"max-video-preview:-1"},"canonical":"https:\/\/mrnf.gouv.qc.ca\/en\/auteurs-ministeriels\/desponts-mireille\/","og_locale":"en_US","og_type":"article","og_title":"Desponts, Mireille - Minist\u00e8re des Ressources naturelles et des For\u00eats","og_description":"In 2001, Mireille Desponts joined the Direction de la recherche foresti\u00e8re as a researcher in forest genetics.","og_url":"https:\/\/mrnf.gouv.qc.ca\/en\/auteurs-ministeriels\/desponts-mireille\/","og_site_name":"Minist\u00e8re des Ressources naturelles et des For\u00eats","og_image":[{"width":1200,"height":630,"url":"\/wp-content\/uploads\/Image-g%c3%a9n%c3%a9rale-hiver_FB.jpg","type":"image\/jpeg"}],"twitter_card":"summary_large_image","twitter_site":"@mrnfqc","schema":{"@context":"https:\/\/schema.org","@graph":[{"@type":"CollectionPage","@id":"https:\/\/mrnf.gouv.qc.ca\/en\/auteurs-ministeriels\/desponts-mireille\/","url":"https:\/\/mrnf.gouv.qc.ca\/en\/auteurs-ministeriels\/desponts-mireille\/","name":"Desponts, Mireille - Minist\u00e8re des Ressources naturelles et des For\u00eats","isPartOf":{"@id":"https:\/\/mrnf.gouv.qc.ca\/#website"},"description":"In 2001, Mireille Desponts joined the Direction de la recherche foresti\u00e8re as a researcher in forest genetics.","breadcrumb":{"@id":"https:\/\/mrnf.gouv.qc.ca\/en\/auteurs-ministeriels\/desponts-mireille\/#breadcrumb"},"inLanguage":"en-US"},{"@type":"BreadcrumbList","@id":"https:\/\/mrnf.gouv.qc.ca\/en\/auteurs-ministeriels\/desponts-mireille\/#breadcrumb","itemListElement":[{"@type":"ListItem","position":1,"name":"Accueil","item":"https:\/\/mrnf.gouv.qc.ca\/en\/"},{"@type":"ListItem","position":2,"name":"Desponts, Mireille"}]},{"@type":"WebSite","@id":"https:\/\/mrnf.gouv.qc.ca\/#website","url":"https:\/\/mrnf.gouv.qc.ca\/","name":"Minist\u00e8re des Ressources naturelles et des For\u00eats","description":"Prototype WordPress","potentialAction":[{"@type":"SearchAction","target":{"@type":"EntryPoint","urlTemplate":"https:\/\/mrnf.gouv.qc.ca\/?s={search_term_string}"},"query-input":{"@type":"PropertyValueSpecification","valueRequired":true,"valueName":"search_term_string"}}],"inLanguage":"en-US"}]}},"_links":{"self":[{"href":"https:\/\/mrnf.gouv.qc.ca\/en\/wp-json\/wp\/v2\/cptt_auteurs_ministeriels\/1076","targetHints":{"allow":["GET"]}}],"collection":[{"href":"https:\/\/mrnf.gouv.qc.ca\/en\/wp-json\/wp\/v2\/cptt_auteurs_ministeriels"}],"about":[{"href":"https:\/\/mrnf.gouv.qc.ca\/en\/wp-json\/wp\/v2\/taxonomies\/cptt_auteurs_ministeriels"}],"wp:post_type":[{"href":"https:\/\/mrnf.gouv.qc.ca\/en\/wp-json\/wp\/v2\/cpt_publication?cptt_auteurs_ministeriels=1076"}],"curies":[{"name":"wp","href":"https:\/\/api.w.org\/{rel}","templated":true}]}}